[{"@context":"https:\/\/schema.org\/","@type":"Article","@id":"https:\/\/www.raiser.cz\/maji-jedinecny-design\/#Article","mainEntityOfPage":"https:\/\/www.raiser.cz\/maji-jedinecny-design\/","headline":"Maj\u00ed jedine\u010dn\u00fd design","name":"Maj\u00ed jedine\u010dn\u00fd design","description":"R\u00e1di bychom v\u00e1m nab\u00eddli v\u00fdrobu jedine\u010dn\u00fdch schod\u016f Plze\u0148. Chcete si je u n\u00e1s objednat? V takov\u00e9m p\u0159\u00edpad\u011b m\u00e1te skv\u011blou p\u0159\u00edle\u017eitost tak u\u010dinit. Sl\u00edbit m\u016f\u017eeme...","datePublished":"2025-03-04","dateModified":"2025-03-04","author":{"@type":"Person","@id":"https:\/\/www.raiser.cz\/author\/#Person","name":"","url":"https:\/\/www.raiser.cz\/author\/","identifier":1,"image":{"@type":"ImageObject","@id":"https:\/\/secure.gravatar.com\/avatar\/86b519ae28c05e7834416117bec12e679aa78b8940db1f26d4a52ad5648f8c3a?s=96&d=mm&r=g","url":"https:\/\/secure.gravatar.com\/avatar\/86b519ae28c05e7834416117bec12e679aa78b8940db1f26d4a52ad5648f8c3a?s=96&d=mm&r=g","height":96,"width":96}},"publisher":{"@type":"Organization","name":"raiser.cz","logo":{"@type":"ImageObject","@id":"\/logo.png","url":"\/logo.png","width":600,"height":60}},"url":"https:\/\/www.raiser.cz\/maji-jedinecny-design\/","wordCount":184,"articleBody":"R\u00e1di bychom v\u00e1m nab\u00eddli v\u00fdrobu jedine\u010dn\u00fdch schod\u016f Plze\u0148. Chcete si je u n\u00e1s objednat? V takov\u00e9m p\u0159\u00edpad\u011b m\u00e1te skv\u011blou p\u0159\u00edle\u017eitost tak u\u010dinit. Sl\u00edbit m\u016f\u017eeme prvot\u0159\u00eddn\u00ed kvalitu proveden\u00ed, ale i pou\u017eit\u00e9ho materi\u00e1lu. Nab\u00edz\u00edme je zejm\u00e9na ve d\u0159ev\u011b. Velmi dob\u0159e spln\u00ed funkci praktickou, ale i estetickou a bezpe\u010dnostn\u00ed. M\u016f\u017eeme v\u00e1m je zhotovit ve stejn\u00e9m designu jako podlahy. Zdrav\u00e9 bydlen\u00ed zajist\u00ed na\u0161e d\u0159ev\u011bn\u00e9 podlahy M\u00e1te z\u00e1jem o na\u0161e schody Plze\u0148? Budeme r\u00e1di, kdy\u017e n\u00e1s oslov\u00edte. Ur\u010dit\u011b va\u0161e zak\u00e1zky p\u0159ijmeme. M\u016f\u017eeme v\u00e1m ud\u011blat na m\u00edru i kr\u00e1sn\u00e9 interi\u00e9rov\u00e9 dve\u0159e. V\u0161e budete m\u00edt ve stejn\u00e9m proveden\u00ed. Touto \u010dinnost\u00ed se zab\u00fdv\u00e1me ji\u017e \u0159adu let, z\u00edskali ji\u017e mnoho klient\u016f, kte\u0159\u00ed byli s n\u00e1mi spokojeni. M\u016f\u017eete se sezn\u00e1mit s na\u0161imi referencemi. V p\u0159\u00edpad\u011b va\u0161eho z\u00e1jmu n\u00e1s kontaktujte.                                                                                                                                                                                                                                                                                                                                                                                        5\/5 - (1 vote)        "},{"@context":"https:\/\/schema.org\/","@type":"BreadcrumbList","itemListElement":[{"@type":"ListItem","position":1,"name":"Maj\u00ed jedine\u010dn\u00fd design","item":"https:\/\/www.raiser.cz\/maji-jedinecny-design\/#breadcrumbitem"}]}]