[{"@context":"https:\/\/schema.org\/","@type":"Article","@id":"https:\/\/www.raiser.cz\/za-modu-deti-mohou-rodice\/#Article","mainEntityOfPage":"https:\/\/www.raiser.cz\/za-modu-deti-mohou-rodice\/","headline":"Za m\u00f3du d\u011bt\u00ed mohou rodi\u010de","name":"Za m\u00f3du d\u011bt\u00ed mohou rodi\u010de","description":"D\u011bti a m\u00f3da. V\u011bd\u011bli jste, \u017ee za m\u00f3du d\u011bt\u00ed mohou rodi\u010de? V\u011b\u0159te, \u017ee to takhle je. Pokud tomu nev\u011b\u0159\u00edte, tak to je pr\u00e1v\u011b \u0161patn\u011b,...","datePublished":"2024-04-28","dateModified":"2024-04-28","author":{"@type":"Person","@id":"https:\/\/www.raiser.cz\/author\/#Person","name":"","url":"https:\/\/www.raiser.cz\/author\/","identifier":1,"image":{"@type":"ImageObject","@id":"https:\/\/secure.gravatar.com\/avatar\/86b519ae28c05e7834416117bec12e679aa78b8940db1f26d4a52ad5648f8c3a?s=96&d=mm&r=g","url":"https:\/\/secure.gravatar.com\/avatar\/86b519ae28c05e7834416117bec12e679aa78b8940db1f26d4a52ad5648f8c3a?s=96&d=mm&r=g","height":96,"width":96}},"publisher":{"@type":"Organization","name":"raiser.cz","logo":{"@type":"ImageObject","@id":"\/logo.png","url":"\/logo.png","width":600,"height":60}},"image":{"@type":"ImageObject","@id":"https:\/\/www.raiser.cz\/wp-content\/uploads\/child-817373_1280_1.jpg","url":"https:\/\/www.raiser.cz\/wp-content\/uploads\/child-817373_1280_1.jpg","height":0,"width":0},"url":"https:\/\/www.raiser.cz\/za-modu-deti-mohou-rodice\/","about":["M\u00f3da\r"],"wordCount":468,"articleBody":"D\u011bti a m\u00f3da. V\u011bd\u011bli jste, \u017ee za m\u00f3du d\u011bt\u00ed mohou rodi\u010de? V\u011b\u0159te, \u017ee to takhle je. Pokud tomu nev\u011b\u0159\u00edte, tak to je pr\u00e1v\u011b \u0161patn\u011b, proto\u017ee rodi\u010de jsou od toho, aby obl\u00e9kali svoje mal\u00e9 d\u011bti, proto\u017ee mal\u00e9 d\u011bti bu\u010f je\u0161t\u011b mluvit neum\u00ed, jsou to mal\u00e1 batolata, nebo potom jsou to \u0161kolkov\u00e9 d\u011bti, a \u010dasto kupujete d\u011btem oble\u010den\u00ed, a t\u0159eba se jim to ani nel\u00edb\u00ed, ale vzhledem k tomu, \u017ee jste rodi\u010de a vy rozhodujete, tak to t\u011bm d\u011btem d\u00e1te, a\u0165 se jim to l\u00edb\u00ed nebo nel\u00edb\u00ed. Takhle by to rozhodn\u011b b\u00fdt nem\u011blo. M\u011bli bychom si uv\u011bdomit, \u017ee mal\u00e9 batole v\u017edycky oble\u010deme tak, jak chce, hlavn\u011b rodi\u010de, proto\u017ee se nedok\u00e1\u017e\u00ed vyj\u00e1d\u0159it, nev\u00ed sami, co se jim l\u00edb\u00ed nebo nel\u00edb\u00ed, proto\u017ee je\u0161t\u011b neum\u00ed mluvit a maj\u00ed takov\u00fd ten sv\u016fj sv\u011bt.\u00a0\u00a0Ty d\u011bti, kter\u00e9 u\u017e jsou v tom \u0161kolkov\u00e9m v\u011bku, tak bychom si m\u011bli my jako rodi\u010de uv\u011bdomit, \u017ee je pot\u0159eba vn\u00edmat to d\u00edt\u011b a vn\u00edmat jejich pot\u0159eby. Pr\u00e1v\u011b i to oble\u010den\u00ed a ta m\u00f3da t\u011bch d\u011bt\u00ed je velice d\u016fle\u017eit\u00e1, a d\u016fle\u017eit\u00e9 je hlavn\u011b to, jak se obl\u00e9kaj\u00ed rodi\u010de, tak se obl\u00e9kaj\u00ed pr\u00e1v\u011b i d\u011bti. Ka\u017ed\u00fd rodi\u010d je v m\u00f3d\u011b jin\u00fd, proto takhle potom dopadnou i d\u011bti, proto\u017ee tak, jak je nau\u010d\u00edte, takov\u00e9 prost\u011b budou. \u010casto se ale st\u00e1v\u00e1, \u017ee jakmile d\u011bti u\u017e potom dosp\u011bjou, tak maj\u00ed najednou \u00fapln\u011b jin\u00fd vkus ne\u017e rodi\u010de a jsou z toho potom takov\u00ed velice vyjeven\u00ed, \u017ee jejich d\u00edt\u011b m\u00e1 jin\u00fd vkus.\u00a0\u00a0V\u0161echno je to ale tak\u00e9 i v t\u011bch d\u011btech, proto\u017ee jakmile u\u017e dosp\u00edvaj\u00ed, tak najednou maj\u00ed svoje jin\u00e9 pot\u0159eby, zm\u011bn\u00ed se jim t\u0159eba klidn\u011b i styl, proto\u017ee najednou t\u0159eba maj\u00ed pocit, \u017ee byste cht\u011bli obl\u00e9kat tro\u0161ku jinak ne\u017e jste je obl\u00e9kali vy a rozhodovali jste za n\u011b. Tohle je pot\u0159eba v \u017eivot\u011b v\u0161echno vn\u00edmat, proto\u017ee ty d\u011bti to p\u0159esn\u011b vn\u00edmaj\u00ed, a je pot\u0159eba opravdu po\u0159\u00e1d vn\u00edmat to, co ty d\u011bti cht\u011bj\u00ed, proto\u017ee to je v \u017eivot\u011b d\u016fle\u017eit\u00e9, a hlavn\u011b se neb\u00e1t \u0159\u00edkat t\u0159eba i svoje n\u00e1zory, zda se jim to oble\u010den\u00ed l\u00edb\u00ed nebo nel\u00edb\u00ed, proto\u017ee i to t\u0159eba m\u016f\u017ee hodn\u011b d\u011btem i rodi\u010d\u016fm z\u00e1rove\u0148 pomoci s lep\u0161\u00edm v\u00fdb\u011brem oble\u010den\u00ed.                                                                                                                                                                                                                                                                                                                                                                                        4.5\/5 - (12 votes)        "},{"@context":"https:\/\/schema.org\/","@type":"BreadcrumbList","itemListElement":[{"@type":"ListItem","position":1,"name":"Za m\u00f3du d\u011bt\u00ed mohou rodi\u010de","item":"https:\/\/www.raiser.cz\/za-modu-deti-mohou-rodice\/#breadcrumbitem"}]}]